[{"@context":"https:\/\/schema.org\/","@type":"Article","@id":"https:\/\/www.zerba.cz\/a-bude-hur\/#Article","mainEntityOfPage":"https:\/\/www.zerba.cz\/a-bude-hur\/","headline":"A bude h\u016f\u0159?","name":"A bude h\u016f\u0159?","description":"Mnoh\u00e9 z\u00a0na\u0161inc\u016f tr\u00e1p\u00ed v\u00a0dne\u0161n\u00ed dob\u011b nedostatek pen\u011bz v\u00edc ne\u017e kdy d\u0159\u00edve. Mus\u00ed se s\u00a0n\u00edm pot\u00fdkat i ti, kdo mohli je\u0161t\u011b p\u0159ed nemnoha m\u011bs\u00edci mluvit o sv\u00e9m \u017eivot\u011b jako o spokojen\u00e9 existenci v\u00a0dostatku. Proto\u017ee ona nep\u0159\u00edjemn\u00e1 pandemie uk\u00e1zala mnoh\u00fdm z\u00a0n\u00e1s v\u00a0pln\u00e9 nahot\u011b, jak tito nebyli na n\u00e1hl\u00e9 ekonomick\u00e9 probl\u00e9my p\u0159ipraveni. A jak snadno se, tak do &hellip;<p class=\"read-more\"> <a class=\"\" href=\"https:\/\/www.zerba.cz\/a-bude-hur\/\"> <span class=\"screen-reader-text\">A bude h\u016f\u0159?<\/span> Pokra\u010dovat ve \u010dten\u00ed &raquo;<\/a><\/p>","datePublished":"2020-08-23","dateModified":"2023-04-29","author":{"@type":"Person","@id":"https:\/\/www.zerba.cz\/author\/devene\/#Person","name":"devene","url":"https:\/\/www.zerba.cz\/author\/devene\/","identifier":1,"image":{"@type":"ImageObject","@id":"https:\/\/secure.gravatar.com\/avatar\/30f99868bdc637a3107fd3940cfc0bc4?s=96&d=mm&r=g","url":"https:\/\/secure.gravatar.com\/avatar\/30f99868bdc637a3107fd3940cfc0bc4?s=96&d=mm&r=g","height":96,"width":96}},"publisher":{"@type":"Organization","name":"zerba.cz","logo":{"@type":"ImageObject","@id":"\/logo.png","url":"\/logo.png","width":600,"height":60}},"image":{"@type":"ImageObject","@id":"https:\/\/www.zerba.cz\/wp-content\/uploads\/art383906_4x3_20260820_134132_jmJNAE.jpg","url":"https:\/\/www.zerba.cz\/wp-content\/uploads\/art383906_4x3_20260820_134132_jmJNAE.jpg","height":0,"width":0},"url":"https:\/\/www.zerba.cz\/a-bude-hur\/","about":["Finance"],"wordCount":453,"articleBody":"Mnoh\u00e9 z\u00a0na\u0161inc\u016f tr\u00e1p\u00ed v\u00a0dne\u0161n\u00ed dob\u011b nedostatek pen\u011bz v\u00edc ne\u017e kdy d\u0159\u00edve. Mus\u00ed se s\u00a0n\u00edm pot\u00fdkat i ti, kdo mohli je\u0161t\u011b p\u0159ed nemnoha m\u011bs\u00edci mluvit o sv\u00e9m \u017eivot\u011b jako o spokojen\u00e9 existenci v\u00a0dostatku. Proto\u017ee ona nep\u0159\u00edjemn\u00e1 pandemie uk\u00e1zala mnoh\u00fdm z\u00a0n\u00e1s v\u00a0pln\u00e9 nahot\u011b, jak tito nebyli na n\u00e1hl\u00e9 ekonomick\u00e9 probl\u00e9my p\u0159ipraveni.A jak snadno se, tak do pot\u00ed\u017e\u00ed dostali mnoz\u00ed z\u00a0n\u00e1s! N\u011bkte\u0159\u00ed kv\u016fli tomu, \u017ee byli p\u0159inuceni uzav\u0159\u00edt sv\u00e9 provozovny, jin\u00ed proto, \u017ee p\u0159i\u0161li o zam\u011bstn\u00e1n\u00ed nebo toto alespo\u0148 do\u010dasn\u011b museli p\u0159eru\u0161it, jak se jenom tato situace podepsala i na t\u011bch, kdo jsou pr\u00e1v\u011b na solventnosti ostatn\u00edch coby z\u00e1kazn\u00edk\u016f z\u00e1visl\u00ed!Mnoz\u00ed tak dnes m\u00e1me hluboko do kapsy. A jestli n\u011bco nep\u0159ich\u00e1z\u00ed, pak jsou to dobr\u00e9 zpr\u00e1vy. Proto\u017ee jsme se sice rozvolnili, jen\u017ee to plat\u00ed nejen pro lidi, ale i pro onen prokl\u00ednan\u00fd virus. A tak u\u017e se zase objevuj\u00ed nep\u0159\u00edjemn\u00e9 zpr\u00e1vy, u\u017e se op\u011bt spekuluje o tom, co bude, jestli\u2026A to v\u00a0dob\u011b, kdy se rovn\u011b\u017e o\u010dek\u00e1v\u00e1, a to v\u00a0podstat\u011b jako nezpochybniteln\u00e1 pravda, \u017ee bude na trhu pr\u00e1ce h\u016f\u0159 a h\u016f\u0159, to, jak skon\u010d\u00ed st\u00e1tn\u00ed podpora pro leckoho z\u00a0t\u011bch, jim\u017e se dosud p\u0159isp\u00edvalo, a to na st\u00e1tn\u00ed \u00fatraty. Co\u017e nen\u00ed mo\u017en\u00e9 \u010dinit do nekone\u010dna, proto\u017ee u\u017e i tak jsme byli vl\u00e1dou zadlu\u017eeni dost a dost. Jak v\u00ed ka\u017ed\u00fd, kdo sleduje zpravodajstv\u00ed.A tak lid\u00e9 nejednou nemaj\u00ed nejen na rozd\u00e1v\u00e1n\u00ed, ale ani na existenci. A vzhledem ke zm\u00edn\u011bn\u00fdm rizik\u016fm a vlastn\u011b i vzhledem k\u00a0rostouc\u00edm cen\u00e1m zbo\u017e\u00ed, bez n\u011bho\u017e se dost dob\u0159e ned\u00e1 obej\u00edt, zbyly mnoh\u00fdm z\u00a0n\u00e1s jen o\u010di pro pl\u00e1\u010d. U\u017e dnes \u017eij\u00ed mnoz\u00ed z\u00a0n\u00e1s jen d\u00edky p\u016fj\u010dk\u00e1m a vyhl\u00eddky jsou sp\u00ed\u0161e tristn\u00ed ne\u017e radostn\u00e9.A jak to bude d\u00e1l? Kdo v\u00ed? Kdo v\u00ed, co p\u0159inesou n\u00e1sleduj\u00edc\u00ed m\u011bs\u00edce, pokud se v\u0161e zkomplikuje? A proto je t\u0159eba po\u010d\u00ednat si jako pov\u011bstn\u00e1 chytr\u00e1 hor\u00e1kyn\u011b. Utr\u00e1cet, jak si to p\u0159eje vl\u00e1da, aby se o\u017eivila ekonomika, a sou\u010dasn\u011b i \u0161et\u0159it, pokud by m\u011blo b\u00fdt h\u016f\u0159.A ti, kdo na to nemaj\u00ed? T\u011bm nezb\u00fdv\u00e1 ne\u017e si br\u00e1t p\u016fj\u010dky. A doufat, \u017ee je bude z\u00a0\u010deho splatit, a\u017e nadejde \u010das.\t                                                                                                                                                                                                                                                                                                                                                                                                "},{"@context":"https:\/\/schema.org\/","@type":"BreadcrumbList","itemListElement":[{"@type":"ListItem","position":1,"name":"A bude h\u016f\u0159?","item":"https:\/\/www.zerba.cz\/a-bude-hur\/#breadcrumbitem"}]}]