[{"@context":"https:\/\/schema.org\/","@type":"Article","@id":"https:\/\/www.zerba.cz\/na-co-myslet-u-pujcky\/#Article","mainEntityOfPage":"https:\/\/www.zerba.cz\/na-co-myslet-u-pujcky\/","headline":"Na co myslet u p\u016fj\u010dky?","name":"Na co myslet u p\u016fj\u010dky?","description":"Nen\u00ed snad na sv\u011bt\u011b jedin\u00e9ho \u010dlov\u011bka, kter\u00fd by se aspo\u0148 sporadicky nezam\u00fd\u0161lel nad t\u00edm, \u017ee by nebylo od v\u011bci vz\u00edt si n\u011bkde n\u011bjakou p\u016fj\u010dku. Finan\u010dn\u00ed pom\u011bry mnoh\u00fdch z&nbsp;n\u00e1s toti\u017e nejsou jak zn\u00e1mo pr\u00e1v\u011b uspokojiv\u00e9, ne\u017eijeme v&nbsp;zemi, kde by \u017eil kdekdo v&nbsp;blahobytu a nestaral se o to, zda m\u00e1 pen\u00edze a kolik jich je. Ale pokud &hellip;<p class=\"read-more\"> <a class=\"\" href=\"https:\/\/www.zerba.cz\/na-co-myslet-u-pujcky\/\"> <span class=\"screen-reader-text\">Na co myslet u p\u016fj\u010dky?<\/span> Pokra\u010dovat ve \u010dten\u00ed &raquo;<\/a><\/p>","datePublished":"2021-06-18","dateModified":"2023-04-29","author":{"@type":"Person","@id":"https:\/\/www.zerba.cz\/author\/devene\/#Person","name":"devene","url":"https:\/\/www.zerba.cz\/author\/devene\/","identifier":1,"image":{"@type":"ImageObject","@id":"https:\/\/secure.gravatar.com\/avatar\/30f99868bdc637a3107fd3940cfc0bc4?s=96&d=mm&r=g","url":"https:\/\/secure.gravatar.com\/avatar\/30f99868bdc637a3107fd3940cfc0bc4?s=96&d=mm&r=g","height":96,"width":96}},"publisher":{"@type":"Organization","name":"zerba.cz","logo":{"@type":"ImageObject","@id":"\/logo.png","url":"\/logo.png","width":600,"height":60}},"url":"https:\/\/www.zerba.cz\/na-co-myslet-u-pujcky\/","about":["Finance"],"wordCount":488,"articleBody":"Nen\u00ed snad na sv\u011bt\u011b jedin\u00e9ho \u010dlov\u011bka, kter\u00fd by se aspo\u0148 sporadicky nezam\u00fd\u0161lel nad t\u00edm, \u017ee by nebylo od v\u011bci vz\u00edt si n\u011bkde n\u011bjakou p\u016fj\u010dku. Finan\u010dn\u00ed pom\u011bry mnoh\u00fdch z&nbsp;n\u00e1s toti\u017e nejsou jak zn\u00e1mo pr\u00e1v\u011b uspokojiv\u00e9, ne\u017eijeme v&nbsp;zemi, kde by \u017eil kdekdo v&nbsp;blahobytu a nestaral se o to, zda m\u00e1 pen\u00edze a kolik jich je. Ale pokud u\u017e se n\u011bkdo zam\u00fd\u0161l\u00ed nad touto ot\u00e1zkou, nejednou nen\u00ed jeho uva\u017eov\u00e1n\u00ed pr\u00e1v\u011b takov\u00e9, jak\u00e9 by m\u011blo b\u00fdt. Proto\u017ee ono nejde ani zdaleka jenom o to, sn\u00edt o tom, co by si n\u011bkdo po\u0159\u00eddil, kdyby si p\u016fj\u010dku vzal. Je t\u0159eba hled\u011bt d\u00e1le do budoucna, aby se takov\u00e1 radostn\u00e1 mo\u017enost z\u00edskat pen\u00edze nakonec neprom\u011bnila v&nbsp;nep\u0159\u00edjemnou no\u010dn\u00ed m\u016fru.Ten, kdo se zam\u00fd\u0161l\u00ed nad t\u00edm, \u017ee by si vzal p\u016fj\u010dku na po\u0159\u00edzen\u00ed n\u011bjak\u00e9 zbyte\u010dn\u00e9 hlouposti, ten, kdo chce jenom zrovna v&nbsp;dan\u00e9 chv\u00edli utr\u00e1cet a nemysl\u00ed na to, co bude pozd\u011bji, si kope sv\u016fj pomysln\u00fd ekonomick\u00fd hrob. Proto\u017ee kdy\u017e se p\u016fj\u010den\u00e9 pen\u00edze utrat\u00ed bez jasn\u00e9 a rozumn\u00e9 vize, dojde se nakonec t\u0159eba ke zji\u0161t\u011bn\u00ed, \u017ee to nebylo rozumn\u00e9, a\u017e nebude na spl\u00e1tky a \u010dlov\u011bk si pozd\u011b uv\u011bdom\u00ed, \u017ee sice za\u017eil kr\u00e1sn\u00e9 chv\u00edle, ale te\u010f u\u017e nev\u00ed kv\u016fli nezvl\u00e1dnuteln\u00fdm spl\u00e1tk\u00e1m, kudy kam.Je tedy t\u0159eba nejprve skute\u010dn\u011b zodpov\u011bdn\u011b zv\u00e1\u017eit, zda je n\u011bkomu p\u016fj\u010dka v&nbsp;jeho dan\u00e9 situaci v\u016fbec zapot\u0159eb\u00ed. \u010casto se toti\u017e uk\u00e1\u017ee, \u017ee se daj\u00ed zajistit pen\u00edze t\u0159eba i jenom t\u00edm, \u017ee se zredukuj\u00ed v\u00fddaje, je\u017e se daj\u00ed o\u017eelet, a \u017ee se tedy nen\u00ed nezbytn\u00e9 upisovat n\u011bjak\u00e9 finan\u010dn\u00ed instituci, je\u017e bude za p\u016fj\u010den\u00e9 pen\u00edze pochopiteln\u011b o\u010dek\u00e1vat i \u00faroky \u010di dal\u0161\u00ed poplatky.A kdy\u017e u\u017e se p\u016fj\u010dka mus\u00ed vz\u00edt? Pak je t\u0159eba rozv\u00e1\u017eit hlavn\u011b to, kolik \u017ee si je t\u0159eba p\u016fj\u010dit. Aby se nebrala zbyte\u010dn\u011b velk\u00e1 \u010d\u00e1stka, je\u017e se pochopiteln\u011b prodra\u017e\u00ed v\u00edc ne\u017e pakatel.Tak\u00e9 je t\u0159eba vz\u00edt rozum do hrsti, aby se vzal takov\u00fd typ pomoci, kter\u00fd se zvl\u00e1dne spl\u00e1cet, kter\u00fd nebude jak\u00fdmsi kamenem na krku, t\u00e1hnouc\u00edm \u010dlov\u011bka ke dnu.A nakonec se mus\u00ed tak\u00e9 vybrat finan\u010dn\u00ed \u00fastav, ve kter\u00e9m si takov\u00fd z\u00e1jemce p\u016fj\u010d\u00ed, a rovn\u011b\u017e spr\u00e1vn\u00fd finan\u010dn\u00ed produkt. To aby se zvolila p\u016fj\u010dka, kterou bude mo\u017en\u00e9 nejen zvl\u00e1dnout, ale i z\u00edskat.A teprve pak by si m\u011bl \u010dlov\u011bk p\u016fj\u010dit.                                                                                                                                                                                                                                                                                                                                                                                                "},{"@context":"https:\/\/schema.org\/","@type":"BreadcrumbList","itemListElement":[{"@type":"ListItem","position":1,"name":"Na co myslet u p\u016fj\u010dky?","item":"https:\/\/www.zerba.cz\/na-co-myslet-u-pujcky\/#breadcrumbitem"}]}]